{"id":356,"date":"2019-08-09T13:59:08","date_gmt":"2019-08-09T11:59:08","guid":{"rendered":"http:\/\/www.taractaylor.com\/TCT\/?p=356"},"modified":"2021-10-03T20:19:49","modified_gmt":"2021-10-03T18:19:49","slug":"shows-in-august","status":"publish","type":"post","link":"https:\/\/taractaylor.com\/TCT\/356\/","title":{"rendered":"Shows in August"},"content":{"rendered":"\r\n<p>The city is cooling down! Here is where I will be performing around town in August. Be sure to check out my <a href=\"https:\/\/www.facebook.com\/pg\/taractaylormusic\/events\/?ref=page_internal\" target=\"_blank\" rel=\"noreferrer noopener\" aria-label=\"Facebook Events Page (opens in a new tab)\">Facebook Events Page<\/a> to find out where I will be around Berlin hitting the Open Stages. Prost!<\/p>\r\n\r\n\r\n\r\n<p class=\"has-large-font-size\">Saturday August 3rd @20:00<\/p>\r\n\r\n\r\n\r\n<p>I will be performing as one of the many acts at a night featuring standup comedians, musical acts, storytellers, spoken word artists, poets, and a variety of other acts.<\/p>\r\n\r\n\r\n\r\n<figure class=\"wp-block-image\"><img decoding=\"async\" width=\"1024\" height=\"576\" class=\"wp-image-350 lazyload\" data-src=\"http:\/\/www.taractaylor.com\/TCT\/wp-content\/uploads\/2019\/07\/cover01b-1024x576.jpg\" alt=\"\" data-srcset=\"https:\/\/taractaylor.com\/TCT\/wp-content\/uploads\/2019\/07\/cover01b-1024x576.jpg 1024w, https:\/\/taractaylor.com\/TCT\/wp-content\/uploads\/2019\/07\/cover01b-300x169.jpg 300w, https:\/\/taractaylor.com\/TCT\/wp-content\/uploads\/2019\/07\/cover01b-768x432.jpg 768w, https:\/\/taractaylor.com\/TCT\/wp-content\/uploads\/2019\/07\/cover01b-500x281.jpg 500w, https:\/\/taractaylor.com\/TCT\/wp-content\/uploads\/2019\/07\/cover01b.jpg 1920w\" data-sizes=\"(max-width: 1024px) 100vw, 1024px\" src=\"data:image\/svg+xml;base64,PHN2ZyB3aWR0aD0iMSIgaGVpZ2h0PSIxIiB4bWxucz0iaHR0cDovL3d3dy53My5vcmcvMjAwMC9zdmciPjwvc3ZnPg==\" style=\"--smush-placeholder-width: 1024px; --smush-placeholder-aspect-ratio: 1024\/576;\" \/>\r\n<figcaption>The Word Cafe<br \/>Willmanndamm 4 \u00b7 Berlin <br \/>U7 Bhf Kleistpark or S1 Yorckstra\u00dfe (Gro\u00dfg\u00f6rschenstra\u00dfe)<br \/>For more information follow <a href=\"https:\/\/theword.berlin\/event\/going-pineapples-comedy-music-acts-more\/\" target=\"_blank\" rel=\"noreferrer noopener\" aria-label=\"this link to the event pag (opens in a new tab)\">this link to the event pag<\/a>e<\/figcaption>\r\n<\/figure>\r\n\r\n\r\n\r\n<p class=\"has-large-font-size\">Friday August 9th @ 20:00<\/p>\r\n\r\n\r\n\r\n<p>August 9th @20:00 I will be performing at the upcoming <a href=\"https:\/\/www.facebook.com\/asphaltkollektivberlin\/?__xts__%5B0%5D=68.ARCfd1Uxk6lfO44-16Yd8Py80PNxNzs5qnHBiI_tfEq64UxySmnRR6VhKw4EATMWhEbaAGLeRG-LnWMY02JHk5GQwBZPjMnVzaO3m-kiWhRgYSiMDmFcgDFNLP7cxwFo4C_yIMp2DjhAMSPC7JVxwjMXHNagaOE9dOjlBK-kW9_oDddpv2wLsP11GrjWMn9K8-Z2AcHE8YdkVlfk9JbPf5Iwl3LU2n8n4DVSdLSOuG1ivCUxaYUWM_Y7Qz1VL0YnxjChrVIkNPROIb_SzheNZSg\">Asphalt Kollektiv Berlin<\/a>\u00a0SongSlam 2019 at\u00a0<a href=\"https:\/\/www.facebook.com\/Nuke.Club.Berlin\/?__xts__%5B0%5D=68.ARCfd1Uxk6lfO44-16Yd8Py80PNxNzs5qnHBiI_tfEq64UxySmnRR6VhKw4EATMWhEbaAGLeRG-LnWMY02JHk5GQwBZPjMnVzaO3m-kiWhRgYSiMDmFcgDFNLP7cxwFo4C_yIMp2DjhAMSPC7JVxwjMXHNagaOE9dOjlBK-kW9_oDddpv2wLsP11GrjWMn9K8-Z2AcHE8YdkVlfk9JbPf5Iwl3LU2n8n4DVSdLSOuG1ivCUxaYUWM_Y7Qz1VL0YnxjChrVIkNPROIb_SzheNZSg\">Nuke Club<\/a> (Pettenkoferstr. 17a, 10247 Friedrichshain).<\/p>\r\n\r\n\r\n\r\n<p class=\"has-large-font-size\">Friday August 30th @ 19:00<\/p>\r\n\r\n\r\n\r\n<p>I will heading north of Berlin to performing at the Santa Cinema Filmklub der Ev.-Luth. Kirchengemeinde in Gro\u00df Br\u00fctz (Dorfstra\u00dfe 17, 19071 Gro\u00df Br\u00fctz).<\/p>\r\n\r\n\r\n\r\n<figure class=\"wp-block-image\"><img decoding=\"async\" width=\"630\" height=\"882\" class=\"wp-image-363 lazyload\" data-src=\"http:\/\/www.taractaylor.com\/TCT\/wp-content\/uploads\/2019\/08\/Screen-Shot-2019-08-26-at-3.35.47-PM.png\" alt=\"\" data-srcset=\"https:\/\/taractaylor.com\/TCT\/wp-content\/uploads\/2019\/08\/Screen-Shot-2019-08-26-at-3.35.47-PM.png 630w, https:\/\/taractaylor.com\/TCT\/wp-content\/uploads\/2019\/08\/Screen-Shot-2019-08-26-at-3.35.47-PM-214x300.png 214w\" data-sizes=\"(max-width: 630px) 100vw, 630px\" src=\"data:image\/svg+xml;base64,PHN2ZyB3aWR0aD0iMSIgaGVpZ2h0PSIxIiB4bWxucz0iaHR0cDovL3d3dy53My5vcmcvMjAwMC9zdmciPjwvc3ZnPg==\" style=\"--smush-placeholder-width: 630px; --smush-placeholder-aspect-ratio: 630\/882;\" \/><\/figure>\r\n","protected":false},"excerpt":{"rendered":"<p>The city is cooling down! Here is where I will be performing around town in August. Be sure to check out my Facebook Events Page to find out where I will be around Berlin hitting the Open Stages. Prost! Saturday &hellip; <a href=\"https:\/\/taractaylor.com\/TCT\/356\/\">Continue reading <span class=\"meta-nav\">&rarr;<\/span><\/a><\/p>\n","protected":false},"author":1,"featured_media":0,"comment_status":"closed","ping_status":"closed","sticky":false,"template":"","format":"standard","meta":{"footnotes":""},"categories":[18],"tags":[],"class_list":["post-356","post","type-post","status-publish","format-standard","hentry","category-gigs"],"yoast_head":"<!-- This site is optimized with the Yoast SEO plugin v26.7 - https:\/\/yoast.com\/wordpress\/plugins\/seo\/ -->\n<title>Shows in August - Tara C Taylor<\/title>\n<meta name=\"robots\" content=\"index, follow, max-snippet:-1, max-image-preview:large, max-video-preview:-1\" \/>\n<link rel=\"canonical\" href=\"https:\/\/taractaylor.com\/TCT\/356\/\" \/>\n<meta property=\"og:locale\" content=\"en_US\" \/>\n<meta property=\"og:type\" content=\"article\" \/>\n<meta property=\"og:title\" content=\"Shows in August - Tara C Taylor\" \/>\n<meta property=\"og:description\" content=\"The city is cooling down! Here is where I will be performing around town in August. Be sure to check out my Facebook Events Page to find out where I will be around Berlin hitting the Open Stages. Prost! Saturday &hellip; Continue reading &rarr;\" \/>\n<meta property=\"og:url\" content=\"https:\/\/taractaylor.com\/TCT\/356\/\" \/>\n<meta property=\"og:site_name\" content=\"Tara C Taylor\" \/>\n<meta property=\"article:publisher\" content=\"https:\/\/www.facebook.com\/taractaylormusic\/\" \/>\n<meta property=\"article:published_time\" content=\"2019-08-09T11:59:08+00:00\" \/>\n<meta property=\"article:modified_time\" content=\"2021-10-03T18:19:49+00:00\" \/>\n<meta property=\"og:image\" content=\"https:\/\/taractaylor.com\/TCT\/wp-content\/uploads\/2019\/07\/cover01b.jpg\" \/>\n\t<meta property=\"og:image:width\" content=\"1920\" \/>\n\t<meta property=\"og:image:height\" content=\"1080\" \/>\n\t<meta property=\"og:image:type\" content=\"image\/jpeg\" \/>\n<meta name=\"author\" content=\"Tara C Taylor\" \/>\n<meta name=\"twitter:card\" content=\"summary_large_image\" \/>\n<meta name=\"twitter:label1\" content=\"Written by\" \/>\n\t<meta name=\"twitter:data1\" content=\"Tara C Taylor\" \/>\n\t<meta name=\"twitter:label2\" content=\"Est. reading time\" \/>\n\t<meta name=\"twitter:data2\" content=\"1 minute\" \/>\n<script type=\"application\/ld+json\" class=\"yoast-schema-graph\">{\"@context\":\"https:\/\/schema.org\",\"@graph\":[{\"@type\":\"Article\",\"@id\":\"https:\/\/taractaylor.com\/TCT\/356\/#article\",\"isPartOf\":{\"@id\":\"https:\/\/taractaylor.com\/TCT\/356\/\"},\"author\":{\"name\":\"Tara C Taylor\",\"@id\":\"https:\/\/taractaylor.com\/TCT\/#\/schema\/person\/6b9cccd6076f5b63e21247a83f6b2a12\"},\"headline\":\"Shows in August\",\"datePublished\":\"2019-08-09T11:59:08+00:00\",\"dateModified\":\"2021-10-03T18:19:49+00:00\",\"mainEntityOfPage\":{\"@id\":\"https:\/\/taractaylor.com\/TCT\/356\/\"},\"wordCount\":150,\"publisher\":{\"@id\":\"https:\/\/taractaylor.com\/TCT\/#organization\"},\"image\":{\"@id\":\"https:\/\/taractaylor.com\/TCT\/356\/#primaryimage\"},\"thumbnailUrl\":\"http:\/\/www.taractaylor.com\/TCT\/wp-content\/uploads\/2019\/07\/cover01b-1024x576.jpg\",\"articleSection\":[\"Gigs\"],\"inLanguage\":\"en-US\"},{\"@type\":\"WebPage\",\"@id\":\"https:\/\/taractaylor.com\/TCT\/356\/\",\"url\":\"https:\/\/taractaylor.com\/TCT\/356\/\",\"name\":\"Shows in August - Tara C Taylor\",\"isPartOf\":{\"@id\":\"https:\/\/taractaylor.com\/TCT\/#website\"},\"primaryImageOfPage\":{\"@id\":\"https:\/\/taractaylor.com\/TCT\/356\/#primaryimage\"},\"image\":{\"@id\":\"https:\/\/taractaylor.com\/TCT\/356\/#primaryimage\"},\"thumbnailUrl\":\"http:\/\/www.taractaylor.com\/TCT\/wp-content\/uploads\/2019\/07\/cover01b-1024x576.jpg\",\"datePublished\":\"2019-08-09T11:59:08+00:00\",\"dateModified\":\"2021-10-03T18:19:49+00:00\",\"breadcrumb\":{\"@id\":\"https:\/\/taractaylor.com\/TCT\/356\/#breadcrumb\"},\"inLanguage\":\"en-US\",\"potentialAction\":[{\"@type\":\"ReadAction\",\"target\":[\"https:\/\/taractaylor.com\/TCT\/356\/\"]}]},{\"@type\":\"ImageObject\",\"inLanguage\":\"en-US\",\"@id\":\"https:\/\/taractaylor.com\/TCT\/356\/#primaryimage\",\"url\":\"http:\/\/www.taractaylor.com\/TCT\/wp-content\/uploads\/2019\/07\/cover01b-1024x576.jpg\",\"contentUrl\":\"http:\/\/www.taractaylor.com\/TCT\/wp-content\/uploads\/2019\/07\/cover01b-1024x576.jpg\"},{\"@type\":\"BreadcrumbList\",\"@id\":\"https:\/\/taractaylor.com\/TCT\/356\/#breadcrumb\",\"itemListElement\":[{\"@type\":\"ListItem\",\"position\":1,\"name\":\"Home\",\"item\":\"https:\/\/taractaylor.com\/TCT\/\"},{\"@type\":\"ListItem\",\"position\":2,\"name\":\"Shows in August\"}]},{\"@type\":\"WebSite\",\"@id\":\"https:\/\/taractaylor.com\/TCT\/#website\",\"url\":\"https:\/\/taractaylor.com\/TCT\/\",\"name\":\"Tara C Taylor\",\"description\":\"Acoustic Meets Dance!\",\"publisher\":{\"@id\":\"https:\/\/taractaylor.com\/TCT\/#organization\"},\"potentialAction\":[{\"@type\":\"SearchAction\",\"target\":{\"@type\":\"EntryPoint\",\"urlTemplate\":\"https:\/\/taractaylor.com\/TCT\/?s={search_term_string}\"},\"query-input\":{\"@type\":\"PropertyValueSpecification\",\"valueRequired\":true,\"valueName\":\"search_term_string\"}}],\"inLanguage\":\"en-US\"},{\"@type\":\"Organization\",\"@id\":\"https:\/\/taractaylor.com\/TCT\/#organization\",\"name\":\"Tara C Taylor\",\"url\":\"https:\/\/taractaylor.com\/TCT\/\",\"logo\":{\"@type\":\"ImageObject\",\"inLanguage\":\"en-US\",\"@id\":\"https:\/\/taractaylor.com\/TCT\/#\/schema\/logo\/image\/\",\"url\":\"https:\/\/taractaylor.com\/TCT\/wp-content\/uploads\/2025\/11\/TCT_Door-for-Media-SQ.jpg\",\"contentUrl\":\"https:\/\/taractaylor.com\/TCT\/wp-content\/uploads\/2025\/11\/TCT_Door-for-Media-SQ.jpg\",\"width\":1467,\"height\":1467,\"caption\":\"Tara C Taylor\"},\"image\":{\"@id\":\"https:\/\/taractaylor.com\/TCT\/#\/schema\/logo\/image\/\"},\"sameAs\":[\"https:\/\/www.facebook.com\/taractaylormusic\/\",\"https:\/\/bsky.app\/profile\/taractaylormusic.bsky.social\",\"http:\/\/www.youtube.com\/@taractaylor\",\"https:\/\/www.instagram.com\/taractaylormusic\/\"]},{\"@type\":\"Person\",\"@id\":\"https:\/\/taractaylor.com\/TCT\/#\/schema\/person\/6b9cccd6076f5b63e21247a83f6b2a12\",\"name\":\"Tara C Taylor\",\"url\":\"https:\/\/taractaylor.com\/TCT\/author\/tct_admin\/\"}]}<\/script>\n<!-- \/ Yoast SEO plugin. -->","yoast_head_json":{"title":"Shows in August - Tara C Taylor","robots":{"index":"index","follow":"follow","max-snippet":"max-snippet:-1","max-image-preview":"max-image-preview:large","max-video-preview":"max-video-preview:-1"},"canonical":"https:\/\/taractaylor.com\/TCT\/356\/","og_locale":"en_US","og_type":"article","og_title":"Shows in August - Tara C Taylor","og_description":"The city is cooling down! Here is where I will be performing around town in August. Be sure to check out my Facebook Events Page to find out where I will be around Berlin hitting the Open Stages. Prost! Saturday &hellip; Continue reading &rarr;","og_url":"https:\/\/taractaylor.com\/TCT\/356\/","og_site_name":"Tara C Taylor","article_publisher":"https:\/\/www.facebook.com\/taractaylormusic\/","article_published_time":"2019-08-09T11:59:08+00:00","article_modified_time":"2021-10-03T18:19:49+00:00","og_image":[{"width":1920,"height":1080,"url":"https:\/\/taractaylor.com\/TCT\/wp-content\/uploads\/2019\/07\/cover01b.jpg","type":"image\/jpeg"}],"author":"Tara C Taylor","twitter_card":"summary_large_image","twitter_misc":{"Written by":"Tara C Taylor","Est. reading time":"1 minute"},"schema":{"@context":"https:\/\/schema.org","@graph":[{"@type":"Article","@id":"https:\/\/taractaylor.com\/TCT\/356\/#article","isPartOf":{"@id":"https:\/\/taractaylor.com\/TCT\/356\/"},"author":{"name":"Tara C Taylor","@id":"https:\/\/taractaylor.com\/TCT\/#\/schema\/person\/6b9cccd6076f5b63e21247a83f6b2a12"},"headline":"Shows in August","datePublished":"2019-08-09T11:59:08+00:00","dateModified":"2021-10-03T18:19:49+00:00","mainEntityOfPage":{"@id":"https:\/\/taractaylor.com\/TCT\/356\/"},"wordCount":150,"publisher":{"@id":"https:\/\/taractaylor.com\/TCT\/#organization"},"image":{"@id":"https:\/\/taractaylor.com\/TCT\/356\/#primaryimage"},"thumbnailUrl":"http:\/\/www.taractaylor.com\/TCT\/wp-content\/uploads\/2019\/07\/cover01b-1024x576.jpg","articleSection":["Gigs"],"inLanguage":"en-US"},{"@type":"WebPage","@id":"https:\/\/taractaylor.com\/TCT\/356\/","url":"https:\/\/taractaylor.com\/TCT\/356\/","name":"Shows in August - Tara C Taylor","isPartOf":{"@id":"https:\/\/taractaylor.com\/TCT\/#website"},"primaryImageOfPage":{"@id":"https:\/\/taractaylor.com\/TCT\/356\/#primaryimage"},"image":{"@id":"https:\/\/taractaylor.com\/TCT\/356\/#primaryimage"},"thumbnailUrl":"http:\/\/www.taractaylor.com\/TCT\/wp-content\/uploads\/2019\/07\/cover01b-1024x576.jpg","datePublished":"2019-08-09T11:59:08+00:00","dateModified":"2021-10-03T18:19:49+00:00","breadcrumb":{"@id":"https:\/\/taractaylor.com\/TCT\/356\/#breadcrumb"},"inLanguage":"en-US","potentialAction":[{"@type":"ReadAction","target":["https:\/\/taractaylor.com\/TCT\/356\/"]}]},{"@type":"ImageObject","inLanguage":"en-US","@id":"https:\/\/taractaylor.com\/TCT\/356\/#primaryimage","url":"http:\/\/www.taractaylor.com\/TCT\/wp-content\/uploads\/2019\/07\/cover01b-1024x576.jpg","contentUrl":"http:\/\/www.taractaylor.com\/TCT\/wp-content\/uploads\/2019\/07\/cover01b-1024x576.jpg"},{"@type":"BreadcrumbList","@id":"https:\/\/taractaylor.com\/TCT\/356\/#breadcrumb","itemListElement":[{"@type":"ListItem","position":1,"name":"Home","item":"https:\/\/taractaylor.com\/TCT\/"},{"@type":"ListItem","position":2,"name":"Shows in August"}]},{"@type":"WebSite","@id":"https:\/\/taractaylor.com\/TCT\/#website","url":"https:\/\/taractaylor.com\/TCT\/","name":"Tara C Taylor","description":"Acoustic Meets Dance!","publisher":{"@id":"https:\/\/taractaylor.com\/TCT\/#organization"},"potentialAction":[{"@type":"SearchAction","target":{"@type":"EntryPoint","urlTemplate":"https:\/\/taractaylor.com\/TCT\/?s={search_term_string}"},"query-input":{"@type":"PropertyValueSpecification","valueRequired":true,"valueName":"search_term_string"}}],"inLanguage":"en-US"},{"@type":"Organization","@id":"https:\/\/taractaylor.com\/TCT\/#organization","name":"Tara C Taylor","url":"https:\/\/taractaylor.com\/TCT\/","logo":{"@type":"ImageObject","inLanguage":"en-US","@id":"https:\/\/taractaylor.com\/TCT\/#\/schema\/logo\/image\/","url":"https:\/\/taractaylor.com\/TCT\/wp-content\/uploads\/2025\/11\/TCT_Door-for-Media-SQ.jpg","contentUrl":"https:\/\/taractaylor.com\/TCT\/wp-content\/uploads\/2025\/11\/TCT_Door-for-Media-SQ.jpg","width":1467,"height":1467,"caption":"Tara C Taylor"},"image":{"@id":"https:\/\/taractaylor.com\/TCT\/#\/schema\/logo\/image\/"},"sameAs":["https:\/\/www.facebook.com\/taractaylormusic\/","https:\/\/bsky.app\/profile\/taractaylormusic.bsky.social","http:\/\/www.youtube.com\/@taractaylor","https:\/\/www.instagram.com\/taractaylormusic\/"]},{"@type":"Person","@id":"https:\/\/taractaylor.com\/TCT\/#\/schema\/person\/6b9cccd6076f5b63e21247a83f6b2a12","name":"Tara C Taylor","url":"https:\/\/taractaylor.com\/TCT\/author\/tct_admin\/"}]}},"_links":{"self":[{"href":"https:\/\/taractaylor.com\/TCT\/wp-json\/wp\/v2\/posts\/356","targetHints":{"allow":["GET"]}}],"collection":[{"href":"https:\/\/taractaylor.com\/TCT\/wp-json\/wp\/v2\/posts"}],"about":[{"href":"https:\/\/taractaylor.com\/TCT\/wp-json\/wp\/v2\/types\/post"}],"author":[{"embeddable":true,"href":"https:\/\/taractaylor.com\/TCT\/wp-json\/wp\/v2\/users\/1"}],"replies":[{"embeddable":true,"href":"https:\/\/taractaylor.com\/TCT\/wp-json\/wp\/v2\/comments?post=356"}],"version-history":[{"count":0,"href":"https:\/\/taractaylor.com\/TCT\/wp-json\/wp\/v2\/posts\/356\/revisions"}],"wp:attachment":[{"href":"https:\/\/taractaylor.com\/TCT\/wp-json\/wp\/v2\/media?parent=356"}],"wp:term":[{"taxonomy":"category","embeddable":true,"href":"https:\/\/taractaylor.com\/TCT\/wp-json\/wp\/v2\/categories?post=356"},{"taxonomy":"post_tag","embeddable":true,"href":"https:\/\/taractaylor.com\/TCT\/wp-json\/wp\/v2\/tags?post=356"}],"curies":[{"name":"wp","href":"https:\/\/api.w.org\/{rel}","templated":true}]}}